{"id":2574,"date":"2025-10-30T16:42:24","date_gmt":"2025-10-30T15:42:24","guid":{"rendered":"https:\/\/sakina-therapie.pro\/?p=2574"},"modified":"2025-11-11T16:46:50","modified_gmt":"2025-11-11T15:46:50","slug":"quest-la-psychotherapie-islamiya-a-ses-racines","status":"publish","type":"post","link":"https:\/\/sakina-therapie.pro\/index.php\/quest-la-psychotherapie-islamiya-a-ses-racines\/","title":{"rendered":"D\u00e9couvrir la psychoth\u00e9rapie islamiya"},"content":{"rendered":"\n<p class=\"has-palette-color-4-color has-text-color has-link-color wp-elements-0ae9b52d9e017bc51cda544d20d3e8ce\"><em>Bismillah&nbsp;ar-rahman&nbsp;ar-rahim<\/em><\/p>\n\n\n\n<p class=\"has-palette-color-4-color has-text-color has-link-color wp-elements-b96bb6d5dc0ca8dd37918ca2298ccbab\"><strong>Selem&nbsp;aleykoum&nbsp;wa&nbsp;ramatoullah&nbsp;wa&nbsp;barakatouh&nbsp;ch\u00e8res&nbsp;soeurs.<\/strong><\/p>\n\n\n\n<p class=\"has-palette-color-4-color has-text-color has-link-color wp-elements-4639a988fee81caa270862d7fadf6ecf\">Bienvenue \u00e0&nbsp;vous&nbsp;ch\u00e8re&nbsp;soeur&nbsp;dans&nbsp;cette&nbsp;rubrique&nbsp;destin\u00e9e&nbsp;\u00e0 <strong>la&nbsp;connaissance&nbsp;de la&nbsp;psychoth\u00e9rapie&nbsp;islamiya<\/strong>&nbsp;et de&nbsp;ce&nbsp;qui y&nbsp;tourne&nbsp;autour.<\/p>\n\n\n\n<p class=\"has-palette-color-4-color has-text-color has-link-color wp-elements-6eaf9f1fa60f36e0c034fe5e4c02df91\">Nous&nbsp;allons&nbsp;abord\u00e9&nbsp;au&nbsp;cour&nbsp;de&nbsp;ce&nbsp;premier article&nbsp;ce&nbsp;qu\u2019est&nbsp;<strong>la&nbsp;psychoth\u00e9rapie&nbsp;islamiya<\/strong>&nbsp;\u00e0&nbsp;ses racines&nbsp;et&nbsp;r\u00e9pondre&nbsp;\u00e0&nbsp;plusieurs&nbsp;interrogations que&nbsp;vous&nbsp;pouvez&nbsp;vous&nbsp;posez&nbsp;pour&nbsp;toutes&nbsp;celles ne&nbsp;connaissant&nbsp;point&nbsp;cette&nbsp;m\u00e9thode&nbsp;de&nbsp;th\u00e9rapie.<\/p>\n\n\n\n<p class=\"has-palette-color-4-color has-text-color has-link-color wp-elements-41af9c097e59e50035decd293297d9e6\">Je&nbsp;vous&nbsp;souhaite&nbsp;une&nbsp;bonne lecture et je&nbsp;demande&nbsp;\u00e0&nbsp;ALLAH &nbsp;\u2018azawajel&nbsp;\u00e0&nbsp;ce&nbsp;quelle&nbsp;vous&nbsp;soit profitable.<\/p>\n\n\n\n<h5 class=\"wp-block-heading has-palette-color-3-color has-text-color has-link-color wp-elements-fc6202c5dc3d827862f3a91c90e7802d\">La psychoth\u00e9rapie&nbsp;islamiya&nbsp;<\/h5>\n\n\n\n<p class=\"has-palette-color-4-color has-text-color has-link-color wp-elements-0826b09ef33b017bba257040550368ae\">&#8211;&nbsp;Quels sont ses&nbsp;bases ?<\/p>\n\n\n\n<p class=\"has-palette-color-4-color has-text-color has-link-color wp-elements-7a31c29daae45b6289ba206b54aef982\">&#8211;&nbsp;Pourquoi&nbsp;?<\/p>\n\n\n\n<p class=\"has-palette-color-4-color has-text-color has-link-color wp-elements-88d581fe3801fc66f332c169ffc863f5\">&#8211;&nbsp;Pour qui&nbsp;?<\/p>\n\n\n\n<p class=\"has-palette-color-4-color has-text-color has-link-color wp-elements-ddd381d5e9e61f993ab074ef55d56c17\">&#8211;&nbsp;Ses limites&nbsp;?&nbsp;<\/p>\n\n\n\n<p class=\"has-palette-color-4-color has-text-color has-link-color wp-elements-17199d752b007416926580cc6ad4e49d\">La psychoth\u00e9rapie&nbsp;islamiya&nbsp;est&nbsp;un terme de plus en plus r\u00e9pandu&nbsp;sur&nbsp;les r\u00e9seaux sociaux.<\/p>\n\n\n\n<p class=\"has-palette-color-4-color has-text-color has-link-color wp-elements-52b175e03b735681235a2c685a94af31\"><strong><em>Mais connaissez-vous vraiment&nbsp;ce sur quoi elles&nbsp;reposent&nbsp;? &nbsp;<\/em><\/strong><\/p>\n\n\n\n<p class=\"has-palette-color-4-color has-text-color has-link-color wp-elements-0298cb20a02cb29ca742fff8fc02fa47\"><strong><em>Pourquoi utiliser cette m\u00e9thode de th\u00e9rapie au profit d\u2019une autre ?<\/em><\/strong><\/p>\n\n\n\n<p class=\"has-palette-color-4-color has-text-color has-link-color wp-elements-1fca835ad444a3fc0291169366a69687\"><strong><em>A qui s\u2019adresse-t-elle&nbsp;?&nbsp;<\/em><\/strong><\/p>\n\n\n\n<p class=\"has-palette-color-4-color has-text-color has-link-color wp-elements-58a895771a8d9b0a0123a6f691a24261\"><strong><em>A-t-elle une \u00ab&nbsp;limite&nbsp;\u00bb dans son champ d\u2019action&nbsp;?<\/em><\/strong><\/p>\n\n\n\n<p class=\"has-palette-color-4-color has-text-color has-link-color wp-elements-517f363a6a8df670c3867d850087818e\">Nous allons r\u00e9pondre \u00e0 toutes ces questions par la permission d\u2019ALLAH.<\/p>\n\n\n\n<h5 class=\"wp-block-heading has-palette-color-3-color has-text-color has-link-color wp-elements-96d2013b4d9b344437b3f4f9f70c4969\">Ses bases&nbsp;:&nbsp;C\u2019est&nbsp;une discipline bas\u00e9e&nbsp;sur trois axes&nbsp;<\/h5>\n\n\n\n<p class=\"has-palette-color-4-color has-text-color has-link-color wp-elements-b63bcb4ca9b5fced2ae29bd0d67223d4\">&#8211;&nbsp;La religiosit\u00e9<\/p>\n\n\n\n<p class=\"has-palette-color-4-color has-text-color has-link-color wp-elements-589d639676b115e890c2cf5dabb27330\">&#8211;&nbsp;Les psychopathologies&nbsp;<\/p>\n\n\n\n<p class=\"has-palette-color-4-color has-text-color has-link-color wp-elements-2c3240868b0e76e68149fe05772e2096\">&#8211;&nbsp;Les maux occultes<\/p>\n\n\n\n<p class=\"has-palette-color-4-color has-text-color has-link-color wp-elements-f25f11ba0b4826ed6363a6f7d9fba03a\">Elle\u00a0a\u00a0l\u2019avantage,\u00a0sur les autres\u00a0m\u00e9thodes\u00a0de th\u00e9rapie de prendre en consid\u00e9ration l\u2019int\u00e9gralit\u00e9 de la personne\u00a0via ces 3 axes\u00a0; apportant\u00a0ainsi un \u00e9claircissement\u00a0PLUS\u00a0COMPLET\u00a0sur\u00a0les difficult\u00e9s\u00a0de la\u00a0personne,\u00a0leurs origines,\u00a0et\u00a0permettant de\u00a0corr\u00e9ler\u00a0certains axes \u00e0 d\u2019autres.<\/p>\n\n\n\n<p class=\"has-palette-color-4-color has-text-color has-link-color wp-elements-a841dacac00f6545749d442c124f5abf\">Car,&nbsp;dans&nbsp;bon nombres&nbsp;de&nbsp;cas,&nbsp;derri\u00e8re un trouble psychologique ce cache un mal occulte.Cela n\u2019est pas syst\u00e9matique mais fr\u00e9quent.<\/p>\n\n\n\n<p class=\"has-palette-color-4-color has-text-color has-link-color wp-elements-b67d22796e92402ed8437995bd5a53a9\">Pourquoi avoir recourt \u00e0 la psychoth\u00e9rapie&nbsp;islamiya&nbsp;plut\u00f4t qu\u2019\u00e0&nbsp;une autre m\u00e9thode&nbsp;de th\u00e9rapie&nbsp;?<\/p>\n\n\n\n<p class=\"has-palette-color-4-color has-text-color has-link-color wp-elements-4b6fb17f52da17b63e0b5b730c2cc09a\">Car elle est&nbsp;bas\u00e9e&nbsp;sur le Coran et la&nbsp;sunna puis&nbsp;par l\u2019utilisation&nbsp;d\u2019autres&nbsp;modes&nbsp;de th\u00e9rapie&nbsp;EN ACCORD&nbsp;avec notre religion.<\/p>\n\n\n\n<h5 class=\"wp-block-heading has-palette-color-5-color has-text-color has-link-color wp-elements-c576b1720dd03aef3b52d666c2e81d41\">Les&nbsp;difficult\u00e9s&nbsp;pouvant&nbsp;\u00eatre rencontr\u00e9s&nbsp;dans le fait&nbsp;de se tourner vers les&nbsp;autres&nbsp;m\u00e9thodes de th\u00e9rapie&nbsp;sont diverses&nbsp;:<\/h5>\n\n\n\n<p class=\"has-palette-color-4-color has-text-color has-link-color wp-elements-0e768d99602c532555b94713cb958221\">&#8211;&nbsp;Ambigu\u00eft\u00e9&nbsp;dans la croyance du praticien, charlatans&nbsp;\u2026 donc mise \u00e0 mal des pratiques utilis\u00e9s qui en d\u00e9coulent (pratiques comportant de la m\u00e9cr\u00e9ance, des innovations \u2026).<\/p>\n\n\n\n<p class=\"has-palette-color-4-color has-text-color has-link-color wp-elements-3635294f69a9d4e70eed3cedc60425ee\">&#8211;&nbsp;Le fait que ces m\u00e9thodes&nbsp;se basent&nbsp;UNIQUEMENT&nbsp;sur l\u2019aspect psychologique et mettent de c\u00f4t\u00e9 l\u2019aspect occulte qui est une r\u00e9alit\u00e9&nbsp;et&nbsp;qui&nbsp;doit \u00eatre pris en compte.Encore plus grave, chez certains praticiens la notion de mal occulte n\u2019existe pas refusant de l\u2019int\u00e9grer dans la prise en charge des patients qui pourtant fait partie int\u00e9grante de notre religion et dont la croyance est obligatoire.<\/p>\n\n\n\n<p class=\"has-palette-color-4-color has-text-color has-link-color wp-elements-c2bdf5e28aeb05cc20f475aa0db8660e\">De ce dernier\u00a0point,\u00a0nous pouvons constater que la patiente\u00a0consultant une praticienne dont la croyance en le Coran et la sunna est n\u00e9glig\u00e9\/manquante\u00a0peut passer \u00e0 c\u00f4t\u00e9 d\u2019un \u00e9ventuel\u00a0diagnostic de\u00a0mal occulte\u00a0pr\u00e9sent.\u00a0Ainsi,\u00a0son\u00a0diagnostic\u00a0sera incomplet et donc\u00a0en r\u00e9sultera une\u00a0prise en charge\u00a0\u00ab\u00a0manquante\u00a0\u00bb\u00a0\u00e0 ce\u00a0niveau-l\u00e0.<\/p>\n\n\n\n<h5 class=\"wp-block-heading has-palette-color-5-color has-text-color has-link-color wp-elements-e8e86447bdd80002138624ddcfac213c\"><strong>Pour qui&nbsp;?<\/strong><\/h5>\n\n\n\n<p class=\"has-palette-color-4-color has-text-color has-link-color wp-elements-88112643dcb4bb11c33ad3aaff462381\">La psychoth\u00e9rapie&nbsp;islamiya&nbsp;est destin\u00e9e&nbsp;\u00e0&nbsp;toute jeune fille et femme musulmane&nbsp;touch\u00e9 par des&nbsp;maux&nbsp;psychologiques,&nbsp;affect\u00e9 d\u2019une mani\u00e8re ou d\u2019une autre dans&nbsp;sa&nbsp;religiosit\u00e9,&nbsp;\u00e9prouv\u00e9 par un mal occulte&nbsp;contre lequel elles luttent\u2026<\/p>\n\n\n\n<p class=\"has-palette-color-4-color has-text-color has-link-color wp-elements-f02bb43279403ee850eb86bf0ca48d40\">Des femmes soucieuses&nbsp;de leurs \u00e9tats mais recherchant \u00e0 pr\u00e9server leur foi&nbsp;tous en&nbsp;m\u00eame temps.<\/p>\n\n\n\n<p class=\"has-palette-color-4-color has-text-color has-link-color wp-elements-dee415322b7b8a5f00baf8bd87137fe4\">Et la psychoth\u00e9rapie&nbsp;islamiya&nbsp;par la gr\u00e2ce d\u2019ALLAH&nbsp;\u2018azawajel&nbsp;leurs apportent&nbsp;une bonne prise en charge&nbsp;dans sa globalit\u00e9&nbsp;tous en veillant&nbsp;\u00e0&nbsp;leur foi.<\/p>\n\n\n\n<p class=\"has-palette-color-4-color has-text-color has-link-color wp-elements-a460114e66e51f67a92c4ffeb14ced2b\">De mani\u00e8re plus g\u00e9n\u00e9rale, la psychoth\u00e9rapie&nbsp;islamiya&nbsp;est bonne pour&nbsp;TOUS&nbsp;individu.&nbsp;Cela am\u00e8ne&nbsp;y compris&nbsp;la personne non musulmane \u00e0 s\u2019introspecter et \u00e0 se poser des questions sur sa vie, sa&nbsp;qu\u00eate de sens&nbsp;et la guid\u00e9 vers l\u2019islam.<\/p>\n\n\n\n<p class=\"has-palette-color-4-color has-text-color has-link-color wp-elements-a611f4f384d961316b0a8b639599436a\">Le bienfait est donc pour tout le monde&nbsp;par la gr\u00e2ce d\u2019ALLAH \u2018azawajel.<\/p>\n\n\n\n<h5 class=\"wp-block-heading has-palette-color-3-color has-text-color has-link-color wp-elements-6f46539b972ac292cf7cffe4ae85de10\"><strong>Pourquoi&nbsp;le&nbsp;bienfait&nbsp;de&nbsp;la psychoth\u00e9rapie&nbsp;islamiya&nbsp;est g\u00e9n\u00e9ral pour l\u2019ensemble des gens&nbsp;?&nbsp;<\/strong><\/h5>\n\n\n\n<p class=\"has-palette-color-4-color has-text-color has-link-color wp-elements-4308106da7bc664eeaee3a2eba0ca86d\">Parce qu\u2019elle provient de la r\u00e9v\u00e9lation d\u2019ALLAH \u2018azawajel&nbsp;et de la sunna de son proph\u00e8te (sallalahou&nbsp;\u2018alayhi&nbsp;wa&nbsp;sallam) et le message de l\u2019islam est destin\u00e9 \u00e0 toute l\u2019humanit\u00e9.<\/p>\n\n\n\n<p class=\"has-palette-color-4-color has-text-color has-link-color wp-elements-ec4e2112d4e98f1c18478609706813a8\">ALLAH nous dit dans le Coran&nbsp;:&nbsp;<\/p>\n\n\n\n<p class=\"has-text-align-right has-palette-color-3-color has-text-color has-link-color wp-elements-21361e48d8ecab0c83f261a69b9d7f4f\"><strong>(\u00d4 gens ! Une exhortation vous est venue, de votre Seigneur, une gu\u00e9rison de ce qui est dans les poitrines, un guide et une mis\u00e9ricorde pour les croyants).<\/strong><\/p>\n\n\n\n<p class=\"has-text-align-right has-palette-color-3-color has-text-color has-link-color wp-elements-3e80f7e57a96ee77539b1b0a49ec2738\"><strong>\u064a\u064e\u0670\u0653\u0623\u064e\u064a\u064f\u0651\u0647\u064e\u0627&nbsp;\u0671\u0644\u0646\u064e\u0651\u0627\u0633\u064f&nbsp;\u0642\u064e\u062f\u0652&nbsp;\u062c\u064e\u0622\u0621\u064e\u062a\u0652\u0643\u064f\u0645&nbsp;\u0645\u064e\u0651\u0648\u0652\u0639\u0650\u0638\u064e\u0629\u064c\u06ed&nbsp;\u0645\u0650\u0651\u0646&nbsp;\u0631\u064e\u0651\u0628\u0650\u0651\u0643\u064f\u0645\u0652&nbsp;\u0648\u064e\u0634\u0650\u0641\u064e\u0622\u0621\u064c\u06ed&nbsp;\u0644\u0650\u0651\u0645\u064e\u0627&nbsp;\u0641\u0650\u0649&nbsp;\u0671\u0644\u0635\u064f\u0651\u062f\u064f\u0648\u0631\u0650&nbsp;\u0648\u064e\u0647\u064f\u062f\u064b\u06ed\u0649&nbsp;\u0648\u064e\u0631\u064e\u062d\u0652\u0645\u064e\u0629\u064c\u06ed&nbsp;\u0644\u0650\u0651\u0644\u0652\u0645\u064f\u0624\u0652\u0645\u0650\u0646\u0650\u064a\u0646\u064e<\/strong><\/p>\n\n\n\n<p class=\"has-text-align-right has-palette-color-4-color has-text-color has-link-color wp-elements-1ca112fc0732c027b4da2d3963edb3b6\">Sourate&nbsp;yunus&nbsp;(10)&nbsp;verset 57<\/p>\n\n\n\n<p class=\"has-palette-color-4-color has-text-color has-link-color wp-elements-014de584a313b009bdbd46ba1c4f9718\">Et ALLAH nous dit concernant l\u2019envoi de Son proph\u00e8te (sallalahou&nbsp;\u2018alayhi&nbsp;wa&nbsp;sallam)<\/p>\n\n\n\n<p class=\"has-text-align-right has-palette-color-3-color has-text-color has-link-color wp-elements-0dab8e3baba17befe863caba66ca27a1\"><strong>(Et Nous ne t&#8217;avons envoy\u00e9 qu&#8217;en mis\u00e9ricorde pour l&#8217;univers)<\/strong><\/p>\n\n\n\n<p class=\"has-text-align-right has-palette-color-3-color has-text-color has-link-color wp-elements-a7af9906a085636e63d211fa330b401c\"><strong>\u0648\u064e\u0645\u064e\u0622&nbsp;\u0623\u064e\u0631\u0652\u0633\u064e\u0644\u0652\u0646\u064e\u0670\u0643\u064e&nbsp;\u0625\u0650\u0644\u064e\u0651\u0627&nbsp;\u0631\u064e\u062d\u0652\u0645\u064e\u0629\u064b\u06ed&nbsp;\u0644\u0650\u0651\u0644\u0652\u0639\u064e\u0670\u0644\u064e\u0645\u0650\u064a\u0646\u064e<\/strong><\/p>\n\n\n\n<p class=\"has-text-align-right has-palette-color-4-color has-text-color has-link-color wp-elements-31d911cc29b9adb5dc478bf8a5f8f968\">Sourate al&nbsp;anbiya&nbsp;(21)&nbsp;verset 107<\/p>\n\n\n\n<p class=\"has-palette-color-4-color has-text-color has-link-color wp-elements-c666998cfe5f8f633894392bb420cf8c\">Ainsi que ce verset qui est une preuve que notre proph\u00e8te\u00a0mohammad\u00a0(sallalahou\u00a0\u2018alayhi\u00a0wasallam)\u00a0a\u00a0\u00e9t\u00e9 envoy\u00e9 \u00e0 l\u2019humanit\u00e9 enti\u00e8re et que par cons\u00e9quent sa sunna peut et doit \u00eatre suivi par l\u2019ensemble des gens\u00a0:<\/p>\n\n\n\n<p class=\"has-text-align-right has-palette-color-3-color has-text-color has-link-color wp-elements-b0e74e3d729401374649229f68947308\"><strong>(Dis : &#8220;\u00d4 hommes ! Je suis pour vous&nbsp;tous&nbsp;le&nbsp;messager&nbsp;d\u2019Allah).<\/strong><\/p>\n\n\n\n<p class=\"has-text-align-right has-palette-color-5-color has-text-color has-link-color wp-elements-e8a938fe9e74b203efe3daa22addbe07\"><strong>\u0642\u064f\u0644\u0652&nbsp;\u064a\u064e\u0640\u0670\u0653\u0623\u064e\u064a\u064f\u0651\u0647\u064e\u0627&nbsp;\u0671\u0644\u0646\u064e\u0651\u0627\u0633\u064f&nbsp;\u0625\u0650\u0646\u0650\u0651\u0649&nbsp;\u0631\u064e\u0633\u064f\u0648\u0644\u064f&nbsp;\u0671\u0644\u0644\u064e\u0651\u0647\u0650&nbsp;\u0625\u0650\u0644\u064e\u064a\u0652\u0643\u064f\u0645\u0652&nbsp;\u062c\u064e\u0645\u0650\u064a\u0639\u064b\u0627<\/strong><\/p>\n\n\n\n<p class=\"has-palette-color-4-color has-text-color has-link-color wp-elements-bb707e9f458113ddfa6f0d32878cbc67\">Sourate Al-A\u2019raf&nbsp;(7) verset 158<\/p>\n\n\n\n<p class=\"has-palette-color-4-color has-text-color has-link-color wp-elements-7f63013d8970336a39c50973236b11c9\">Et notre proph\u00e8te (sallalahou&nbsp;\u2018alayhi&nbsp;wa&nbsp;sallam)&nbsp;nous \u00e0&nbsp;informer&nbsp;de&nbsp;ce sur&nbsp;quoi nous devions nous attacher afin de ne pas nous \u00e9garer&nbsp;:&nbsp;<\/p>\n\n\n\n<p class=\"has-palette-color-5-color has-text-color has-link-color wp-elements-4d626b5a48f0d37aa8dc712aef890ea0\"><strong><em>\u00ab&nbsp;En v\u00e9rit\u00e9, j\u2019ai laiss\u00e9 parmi vous ce \u00e0 quoi, si vous vous y attachez fermement, vous ne vous \u00e9garerez jamais : le Livre d\u2019Allah et la Sunna de Son Proph\u00e8te&nbsp;\ufdfa. \u00bb<\/em><\/strong><\/p>\n\n\n\n<p class=\"has-palette-color-4-color has-text-color has-link-color wp-elements-9b5b9755ebeea47609a02d811cc982bb\">Rapport\u00e9 par&nbsp;\u02bfAbd&nbsp;All\u0101h&nbsp;ibn&nbsp;\u02bfAbb\u0101s&nbsp;\u2014&nbsp;authentifi\u00e9&nbsp;par al-Alb\u0101n\u012b&nbsp;dans&nbsp;\u1e62a\u1e25\u012b\u1e25&nbsp;at-Targh\u012bb&nbsp;(n\u00b040) \u2014 \u00e9galement rapport\u00e9 par al-\u1e24\u0101kim&nbsp;(n\u00b0318) et al-Bayhaq\u012b&nbsp;dans al-I\u02bftiq\u0101d.<\/p>\n\n\n\n<p class=\"has-text-align-right has-palette-color-5-color has-text-color has-link-color wp-elements-710b33f21354669097af57b06bd3144b\"><strong>\u0625\u0650\u0646\u0651\u0650\u064a \u0642\u064e\u062f\u0652 \u062a\u064e\u0631\u064e\u0643\u0652\u062a\u064f \u0641\u0650\u064a\u0643\u064f\u0645\u0652 \u0645\u064e\u0627 \u0625\u0650\u0646\u0650 \u0627\u0639\u0652\u062a\u064e\u0635\u064e\u0645\u0652\u062a\u064f\u0645\u0652 \u0628\u0650\u0647\u0650 \u0641\u064e\u0644\u064e\u0646\u0652 \u062a\u064e\u0636\u0650\u0644\u0651\u064f\u0648\u0627 \u0623\u064e\u0628\u064e\u062f\u064b\u0627\u060c \u0643\u0650\u062a\u064e\u0627\u0628\u064e \u0627\u0644\u0644\u0647\u0650 \u0648\u064e\u0633\u064f\u0646\u0651\u064e\u0629\u064e \u0646\u064e\u0628\u0650\u064a\u0651\u0650\u0647\u0650<br>.&#8221;\u0627\u0644\u0631\u0651\u064e\u0627\u0648\u0650\u064a: \u0639\u064e\u0628\u0652\u062f\u064f \u0627\u0644\u0644\u0647\u0650 \u0628\u0652\u0646\u064f \u0639\u064e\u0628\u0651\u064e\u0627\u0633\u064d \u2022 \u0627\u0644\u0623\u0644\u0652\u0628\u064e\u0627\u0646\u0650\u064a: \u0635\u064e\u062d\u0650\u064a\u062d\u064f \u0627\u0644\u062a\u0651\u064e\u0631\u0652\u063a\u0650\u064a\u0628\u0650 (\u0664\u0660) \u2022 \u0635\u064e\u062d\u0650\u064a\u062d \u2022 \u0623\u064e\u062e\u0652\u0631\u064e\u062c\u064e\u0647\u064f \u0627\u0644\u062d\u064e\u0627\u0643\u0650\u0645 (\u0663\u0661\u0668)\u060c \u0648\u064e\u0627\u0644\u0628\u064e\u064a\u0652\u0647\u064e\u0642\u0650\u064a\u0651\u064f \u0641\u0650\u064a &#8220;\u0627\u0644\u0627\u0639\u0652\u062a\u0650\u0642\u064e\u0627\u062f<\/strong><\/p>\n\n\n\n<p class=\"has-text-align-right has-palette-color-4-color has-text-color has-link-color wp-elements-c4097f921cf8a5792ec5a6e8a2f0c6e3\"><\/p>\n\n\n\n<h5 class=\"wp-block-heading has-palette-color-3-color has-text-color has-link-color wp-elements-8eb43a4727d286e8ca628959d66850fc\"><strong>Ses limites&nbsp;?<\/strong><\/h5>\n\n\n\n<p class=\"has-palette-color-4-color has-text-color has-link-color wp-elements-dba0eecff852b8ccfaa99ec0a088b2ce\">Nous avons \u00e9voqu\u00e9 ci-dessus ce qu\u2019\u00e9tait la psychoth\u00e9rapie&nbsp;islamiya,&nbsp;ce sur quoi elle se base,&nbsp;pourquoi ,&nbsp;\u00e0 qui&nbsp;s\u2019adresse-t-elle, puis,&nbsp;son bienfait.&nbsp;<\/p>\n\n\n\n<p class=\"has-palette-color-4-color has-text-color has-link-color wp-elements-5f95d0e1e1463da6f13443ed91a64673\">Une question se pose \u00e0 pr\u00e9sent&nbsp;:&nbsp;<\/p>\n\n\n\n<p class=\"has-palette-color-4-color has-text-color has-link-color wp-elements-8a9afaa1b47b970891038cfc9a3cee18\"><em><strong>A-t-elle une \u00ab&nbsp;limite&nbsp;\u00bb&nbsp;dans son champ d\u2019action&nbsp;?<\/strong><\/em><\/p>\n\n\n\n<p class=\"has-palette-color-4-color has-text-color has-link-color wp-elements-db3076955a231db0f8f1b99b69d96040\"><em><strong>Quand je parle de&nbsp;limite&nbsp;ici&nbsp;,&nbsp;cela concerne un cas bien sp\u00e9cifique.&nbsp;<\/strong><\/em><\/p>\n\n\n\n<p class=\"has-palette-color-4-color has-text-color has-link-color wp-elements-1196ddf264e96855bf607da4d6ae5dbd\">Rappelons que la&nbsp;psychoth\u00e9rapie&nbsp;islamiya&nbsp;traite&nbsp;des maux de l\u2019\u00e2me, des maux occultes, des psychopathologies afin que les personnes arrivent \u00e0 mieux vivre avec leurs maux.&nbsp;<\/p>\n\n\n\n<p class=\"has-palette-color-4-color has-text-color has-link-color wp-elements-acaed044d0d750433d65e2b7d287a61b\">Cependant,&nbsp;dans le cadre d\u2019un&nbsp;suivi&nbsp;th\u00e9rapeutique avec une&nbsp;s\u0153ur souffrant&nbsp;d\u2019une psychopathologie&nbsp;lourde et&nbsp;importante tel que la d\u00e9pression, la schizophr\u00e9nie&nbsp;\u2026 La m\u00e9dication&nbsp;peut \u00eatre&nbsp;n\u00e9cessaire (valid\u00e9 et prescrite&nbsp;par le m\u00e9decin comp\u00e9tent&nbsp;\u00e9videmment)&nbsp;afin de canaliser certains sympt\u00f4mes et permettant avec l\u2019aide d\u2019ALLAH&nbsp;\u2018azawajel&nbsp;de faire en sorte que la maladie soit g\u00e9rable au quotidien&nbsp;et que la vie de la personne soit pr\u00e9serv\u00e9e.<\/p>\n\n\n\n<p class=\"has-palette-color-4-color has-text-color has-link-color wp-elements-211a4df7f6e3bd5fcab4af136ba41a66\">Et c\u2019est en cela que le terme de \u00ab&nbsp;limite&nbsp;\u00bb dans le champ d\u2019action est pos\u00e9 dans le cadre de la psychoth\u00e9rapie&nbsp;islamiya&nbsp;car au sein de cette discipline AUCUN TRAITEMENT MEDICAMENTEUX n\u2019est prescrit.&nbsp;Cela&nbsp;n\u2019est&nbsp;pas de notre ressort. Et, certaines de nos s\u0153urs souffrant de maux importants ont besoin de ces traitements. Donc, cet aspect-l\u00e0 du traitement de la maladie n\u2019est pas \u00e0 n\u00e9glig\u00e9.<\/p>\n\n\n\n<p class=\"has-palette-color-4-color has-text-color has-link-color wp-elements-ccda0dbd26c910d3702cacc722fdea4c\">Je tiens \u00e0 rappeler qu\u2019en tant que psychopraticienne, je&nbsp;n\u2019ai,&nbsp;\u00e0 mon&nbsp;actif,&nbsp;aucune \u00e9tude en m\u00e9decine et donc ne suis pas apte \u00e0 fournir le moindre traitement m\u00e9dicamenteux.&nbsp;<\/p>\n\n\n\n<p class=\"has-palette-color-4-color has-text-color has-link-color wp-elements-7f8662f7dd7516e482306e5c17c42587\">Ainsi,&nbsp;la psychoth\u00e9rapie&nbsp;islamiya&nbsp;ne se substitue AUCUNEMENT \u00e0 un suivi m\u00e9dical&nbsp;si la personne en&nbsp;a&nbsp;le besoin.<\/p>\n\n\n\n<p class=\"has-palette-color-4-color has-text-color has-link-color wp-elements-6bb91906e0be96fe2e64485d3336dec3\">Pour revenir sur le cas&nbsp;de&nbsp;notre&nbsp;s\u0153ur souffrant d\u2019une lourde pathologie comme \u00e9voqu\u00e9 pr\u00e9c\u00e9demment&nbsp;; la&nbsp;psychoth\u00e9rapie&nbsp;islamiya&nbsp;lui sera b\u00e9n\u00e9fique&nbsp;\u00e9galement&nbsp;par la permission d\u2019ALLAH&nbsp;\u2018azawajel&nbsp;et se fera&nbsp;en compl\u00e9ment&nbsp;d\u2019un suivi m\u00e9dical adapt\u00e9 pour elle.<\/p>\n\n\n\n<p class=\"has-palette-color-4-color has-text-color has-link-color wp-elements-6f189a4669936cf0db2d5bae137c0d22\"><strong>Ainsi,&nbsp;ch\u00e8re s\u0153ur,&nbsp;pour maximiser&nbsp;les&nbsp;am\u00e9liorations des maux&nbsp;dont vous souffrez&nbsp;je vous recommande&nbsp;:<\/strong><\/p>\n\n\n\n<p class=\"has-palette-color-4-color has-text-color has-link-color wp-elements-eb86828e26fc7d470ff3b3be64bdb15a\"><strong>1.Un suivi&nbsp;psychiatrique<\/strong>&nbsp;si cela&nbsp;vous para\u00eet&nbsp;n\u00e9cessaire,&nbsp;des bilans \u00e0 effectuer&nbsp;dans le cadre d\u2019un diagnostic&nbsp;\u00e9ventuel, une m\u00e9dication si votre m\u00e9decin vous y encourage et soutient que cela est utile pour vous.<\/p>\n\n\n\n<p class=\"has-palette-color-4-color has-text-color has-link-color wp-elements-732a694b4923ca0718358b25e69ccfc9\"><strong>2.&nbsp;Un accompagnement&nbsp;en psychoth\u00e9rapie&nbsp;islamiya<\/strong>&nbsp;afin d\u2019explor\u00e9 l\u2019\u00e9tat de&nbsp;l\u2019\u00e2me,&nbsp;\u00e0 rechercher un possible mal occulte qui pourrait impacter votre \u00e9tat&nbsp;et donc par la suite mettre en place des rem\u00e8des pour que ce dernier est moins d\u2019impact sur vous et vienne \u00e0 dispara\u00eetre par la permission d\u2019ALLAH et \u00e0 vous accompagnez dans&nbsp;la&nbsp;gestion de la pathologie dont vous souffrez&nbsp;par divers moyens\u2026<\/p>\n\n\n\n<p class=\"has-palette-color-4-color has-text-color has-link-color wp-elements-2a2a89e06625a9edd7b84d9eaf63afc7\">Avec une intention sinc\u00e8re&nbsp;de rechercher la gu\u00e9rison, d\u2019am\u00e9liorer votre&nbsp;\u00e9tat et qui plus est par les moyens licites, beaucoup&nbsp;d\u2019invocations ;&nbsp;notre Seigneur ne pourra que vous&nbsp;faciliter et vous aidez,&nbsp;soyez-en&nbsp;assurez&nbsp;mes ch\u00e8res s\u0153urs.<\/p>\n\n\n\n<p class=\"has-palette-color-4-color has-text-color has-link-color wp-elements-49fa935e0c524f63cad4b1834eb55a5c\">Et que cette parole de l\u2019imam ibn&nbsp;rajab&nbsp;(qu\u2019ALLAH lui fasse mis\u00e9ricorde) soit une consolation pour chacune d\u2019entre&nbsp;vous&nbsp;:&nbsp;<\/p>\n\n\n\n<p class=\"has-palette-color-4-color has-text-color has-link-color wp-elements-2d862ceb10ef186152a3fd3eb81a5160\">Ibn&nbsp;Rajab&nbsp;al-\u1e24anbal\u012b&nbsp;\u2014 qu\u2019Allah lui fasse mis\u00e9ricorde \u2014 a dit :<\/p>\n\n\n\n<p class=\"has-text-align-right has-palette-color-5-color has-text-color has-link-color wp-elements-7f97cbbef6bfafcfab831ba826cee388\"><strong>\u00ab&nbsp;Attendre le soulagement (la d\u00e9livrance) est un acte d\u2019adoration, car l\u2019\u00e9preuve ne dure pas. \u00bb<\/strong><\/p>\n\n\n\n<p class=\"has-text-align-right has-palette-color-4-color has-text-color has-link-color wp-elements-973187492f421a2689d2eb6b28c9d980\">\ud83d\udcd6&nbsp;Majm\u016b\u02bf&nbsp;Ras\u0101\u02beil&nbsp;Ibn&nbsp;Rajab&nbsp;(3\/16).<\/p>\n\n\n\n<p class=\"has-text-align-right has-palette-color-5-color has-text-color has-link-color wp-elements-3244551017cdbd99a90dd030dd6005a8\">\u0642\u064e\u0627\u0644\u064e&nbsp;\u0627\u0628\u0652\u0646\u064f<strong>&nbsp;\u0631\u064e\u062c\u064e\u0628\u064d&nbsp;\u0627\u0644\u062d\u064e\u0646\u0652\u0628\u064e\u0644\u0650\u064a\u064f\u0651&nbsp;\u0631\u064e\u062d\u0650\u0645\u064e\u0647\u064f&nbsp;\u0627\u0644\u0644\u0647\u064f<\/strong>&nbsp;:<\/p>\n\n\n\n<p class=\"has-text-align-right has-palette-color-3-color has-text-color has-link-color wp-elements-8bd01b91ea43dc8c8cb1fdd96dbacf80\">\u00ab\u0627\u0650\u0646\u0652\u062a\u0650\u0638\u064e\u0627\u0631\u064f&nbsp;\u0627\u0644\u0641\u064e\u0631\u064e\u062c\u0650&nbsp;\u0639\u0650\u0628\u064e\u0627\u062f\u064e\u0629\u064c\u061b&nbsp;\u0641\u064e\u0625\u0650\u0646\u064e\u0651&nbsp;\u0627\u0644\u0628\u064e\u0644\u064e\u0627\u0621\u064e&nbsp;\u0644\u064e\u0627&nbsp;\u064a\u064e\u062f\u064f\u0648\u0645\u064f\u00bb<\/p>\n\n\n\n<p class=\"has-text-align-right has-palette-color-4-color has-text-color has-link-color wp-elements-0b411bee7e4674e39c8257f001eb15b3\">\ud83d\udcd6&nbsp;\u0645\u064e\u062c\u0652\u0645\u064f\u0648\u0639\u064f&nbsp;\u0631\u064e\u0633\u064e\u0627\u0626\u0650\u0644\u0650&nbsp;\u0627\u0628\u0652\u0646\u0650&nbsp;\u0631\u064e\u062c\u064e\u0628\u064d&nbsp;(\u0663 \/ \u06616).<\/p>\n\n\n\n<p class=\"has-palette-color-4-color has-text-color has-link-color wp-elements-2c7135c8aedc753e733a289289577016\">Qu\u2019ALLAH vous&nbsp;facilite,&nbsp;vous pr\u00e9serve,&nbsp;et vous accorde une gu\u00e9rison rapide&nbsp;compl\u00e8te et sans traces.<\/p>\n\n\n\n<p class=\"has-palette-color-4-color has-text-color has-link-color wp-elements-bc0f3e6aff19bb533e4c81d5227c2415\">Selem&nbsp;aleykoum&nbsp;wa&nbsp;ramatoullah&nbsp;wa&nbsp;barakatouh&nbsp;ch\u00e8res&nbsp;soeurs.<\/p>\n","protected":false},"excerpt":{"rendered":"<p>Bismillah&nbsp;ar-rahman&nbsp;ar-rahim Selem&nbsp;aleykoum&nbsp;wa&nbsp;ramatoullah&nbsp;wa&nbsp;barakatouh&nbsp;ch\u00e8res&nbsp;soeurs. Bienvenue \u00e0&nbsp;vous&nbsp;ch\u00e8re&nbsp;soeur&nbsp;dans&nbsp;cette&nbsp;rubrique&nbsp;destin\u00e9e&nbsp;\u00e0 la&nbsp;connaissance&nbsp;de la&nbsp;psychoth\u00e9rapie&nbsp;islamiya&nbsp;et de&nbsp;ce&nbsp;qui y&nbsp;tourne&nbsp;autour. Nous&nbsp;allons&nbsp;abord\u00e9&nbsp;au&nbsp;cour&nbsp;de&nbsp;ce&nbsp;premier article&nbsp;ce&nbsp;qu\u2019est&nbsp;la&nbsp;psychoth\u00e9rapie&nbsp;islamiya&nbsp;\u00e0&nbsp;ses racines&nbsp;et&nbsp;r\u00e9pondre&nbsp;\u00e0&nbsp;plusieurs&nbsp;interrogations que&nbsp;vous&nbsp;pouvez&nbsp;vous&nbsp;posez&nbsp;pour&nbsp;toutes&nbsp;celles ne&nbsp;connaissant&nbsp;point&nbsp;cette&nbsp;m\u00e9thode&nbsp;de&nbsp;th\u00e9rapie. Je&nbsp;vous&nbsp;souhaite&nbsp;une&nbsp;bonne lecture et je&nbsp;demande&nbsp;\u00e0&nbsp;ALLAH &nbsp;\u2018azawajel&nbsp;\u00e0&nbsp;ce&nbsp;quelle&nbsp;vous&nbsp;soit profitable. La psychoth\u00e9rapie&nbsp;islamiya&nbsp; &#8211;&nbsp;Quels sont ses&nbsp;bases ? &#8211;&nbsp;Pourquoi&nbsp;? &#8211;&nbsp;Pour qui&nbsp;? &#8211;&nbsp;Ses limites&nbsp;?&nbsp; La psychoth\u00e9rapie&nbsp;islamiya&nbsp;est&nbsp;un terme de plus en plus r\u00e9pandu&nbsp;sur&nbsp;les r\u00e9seaux sociaux. Mais connaissez-vous vraiment&nbsp;ce sur quoi elles&nbsp;reposent&nbsp;? &nbsp; Pourquoi utiliser cette m\u00e9thode de th\u00e9rapie au profit [&hellip;]<\/p>\n","protected":false},"author":1,"featured_media":2741,"comment_status":"open","ping_status":"open","sticky":false,"template":"","format":"standard","meta":{"footnotes":""},"categories":[41],"tags":[],"class_list":["post-2574","post","type-post","status-publish","format-standard","has-post-thumbnail","hentry","category-psychotherapie-islamiya"],"blocksy_meta":[],"yoast_head":"<!-- This site is optimized with the Yoast SEO plugin v27.0 - https:\/\/yoast.com\/product\/yoast-seo-wordpress\/ -->\n<title>D\u00e9couvrir la psychoth\u00e9rapie islamiya - Sakina th\u00e9rapie<\/title>\n<meta name=\"description\" content=\"Bienvenue \u00e0\u00a0vous\u00a0ch\u00e8re\u00a0soeur\u00a0dans\u00a0cette\u00a0rubrique\u00a0destin\u00e9e\u00a0\u00e0 la\u00a0connaissance\u00a0de la\u00a0psychoth\u00e9rapie\u00a0islamiya\u00a0et de\u00a0ce\u00a0qui y\u00a0tourne\u00a0autour.\" \/>\n<meta name=\"robots\" content=\"index, follow, max-snippet:-1, max-image-preview:large, max-video-preview:-1\" \/>\n<link rel=\"canonical\" href=\"https:\/\/sakina-therapie.pro\/index.php\/quest-la-psychotherapie-islamiya-a-ses-racines\/\" \/>\n<meta property=\"og:locale\" content=\"en_US\" \/>\n<meta property=\"og:type\" content=\"article\" \/>\n<meta property=\"og:title\" content=\"D\u00e9couvrir la psychoth\u00e9rapie islamiya - Sakina th\u00e9rapie\" \/>\n<meta property=\"og:description\" content=\"Bienvenue \u00e0\u00a0vous\u00a0ch\u00e8re\u00a0soeur\u00a0dans\u00a0cette\u00a0rubrique\u00a0destin\u00e9e\u00a0\u00e0 la\u00a0connaissance\u00a0de la\u00a0psychoth\u00e9rapie\u00a0islamiya\u00a0et de\u00a0ce\u00a0qui y\u00a0tourne\u00a0autour.\" \/>\n<meta property=\"og:url\" content=\"https:\/\/sakina-therapie.pro\/index.php\/quest-la-psychotherapie-islamiya-a-ses-racines\/\" \/>\n<meta property=\"og:site_name\" content=\"Sakina th\u00e9rapie\" \/>\n<meta property=\"article:published_time\" content=\"2025-10-30T15:42:24+00:00\" \/>\n<meta property=\"article:modified_time\" content=\"2025-11-11T15:46:50+00:00\" \/>\n<meta property=\"og:image\" content=\"https:\/\/sakina-therapie.pro\/wp-content\/uploads\/2025\/10\/u9234415887_Photorealistic_stack_of_Islamic_books_on_a_wooden_7b10648f-f653-44c7-b273-989680012c94_3.png\" \/>\n\t<meta property=\"og:image:width\" content=\"1024\" \/>\n\t<meta property=\"og:image:height\" content=\"1024\" \/>\n\t<meta property=\"og:image:type\" content=\"image\/png\" \/>\n<meta name=\"author\" content=\"SakinaTh\u00e9rapie\" \/>\n<meta name=\"twitter:card\" content=\"summary_large_image\" \/>\n<meta name=\"twitter:label1\" content=\"Written by\" \/>\n\t<meta name=\"twitter:data1\" content=\"SakinaTh\u00e9rapie\" \/>\n\t<meta name=\"twitter:label2\" content=\"Est. reading time\" \/>\n\t<meta name=\"twitter:data2\" content=\"8 minutes\" \/>\n<script type=\"application\/ld+json\" class=\"yoast-schema-graph\">{\"@context\":\"https:\/\/schema.org\",\"@graph\":[{\"@type\":\"Article\",\"@id\":\"https:\/\/sakina-therapie.pro\/index.php\/quest-la-psychotherapie-islamiya-a-ses-racines\/#article\",\"isPartOf\":{\"@id\":\"https:\/\/sakina-therapie.pro\/index.php\/quest-la-psychotherapie-islamiya-a-ses-racines\/\"},\"author\":{\"name\":\"SakinaTh\u00e9rapie\",\"@id\":\"https:\/\/sakina-therapie.pro\/#\/schema\/person\/4891272fb94e4c09826c9c70cdcbc057\"},\"headline\":\"D\u00e9couvrir la psychoth\u00e9rapie islamiya\",\"datePublished\":\"2025-10-30T15:42:24+00:00\",\"dateModified\":\"2025-11-11T15:46:50+00:00\",\"mainEntityOfPage\":{\"@id\":\"https:\/\/sakina-therapie.pro\/index.php\/quest-la-psychotherapie-islamiya-a-ses-racines\/\"},\"wordCount\":1893,\"commentCount\":0,\"publisher\":{\"@id\":\"https:\/\/sakina-therapie.pro\/#organization\"},\"image\":{\"@id\":\"https:\/\/sakina-therapie.pro\/index.php\/quest-la-psychotherapie-islamiya-a-ses-racines\/#primaryimage\"},\"thumbnailUrl\":\"https:\/\/sakina-therapie.pro\/wp-content\/uploads\/2025\/10\/u9234415887_Photorealistic_stack_of_Islamic_books_on_a_wooden_7b10648f-f653-44c7-b273-989680012c94_3.png\",\"articleSection\":[\"Psychoth\u00e9rapie\u00a0islamiya\"],\"inLanguage\":\"en-US\",\"potentialAction\":[{\"@type\":\"CommentAction\",\"name\":\"Comment\",\"target\":[\"https:\/\/sakina-therapie.pro\/index.php\/quest-la-psychotherapie-islamiya-a-ses-racines\/#respond\"]}]},{\"@type\":\"WebPage\",\"@id\":\"https:\/\/sakina-therapie.pro\/index.php\/quest-la-psychotherapie-islamiya-a-ses-racines\/\",\"url\":\"https:\/\/sakina-therapie.pro\/index.php\/quest-la-psychotherapie-islamiya-a-ses-racines\/\",\"name\":\"D\u00e9couvrir la psychoth\u00e9rapie islamiya - Sakina th\u00e9rapie\",\"isPartOf\":{\"@id\":\"https:\/\/sakina-therapie.pro\/#website\"},\"primaryImageOfPage\":{\"@id\":\"https:\/\/sakina-therapie.pro\/index.php\/quest-la-psychotherapie-islamiya-a-ses-racines\/#primaryimage\"},\"image\":{\"@id\":\"https:\/\/sakina-therapie.pro\/index.php\/quest-la-psychotherapie-islamiya-a-ses-racines\/#primaryimage\"},\"thumbnailUrl\":\"https:\/\/sakina-therapie.pro\/wp-content\/uploads\/2025\/10\/u9234415887_Photorealistic_stack_of_Islamic_books_on_a_wooden_7b10648f-f653-44c7-b273-989680012c94_3.png\",\"datePublished\":\"2025-10-30T15:42:24+00:00\",\"dateModified\":\"2025-11-11T15:46:50+00:00\",\"description\":\"Bienvenue \u00e0\u00a0vous\u00a0ch\u00e8re\u00a0soeur\u00a0dans\u00a0cette\u00a0rubrique\u00a0destin\u00e9e\u00a0\u00e0 la\u00a0connaissance\u00a0de la\u00a0psychoth\u00e9rapie\u00a0islamiya\u00a0et de\u00a0ce\u00a0qui y\u00a0tourne\u00a0autour.\",\"breadcrumb\":{\"@id\":\"https:\/\/sakina-therapie.pro\/index.php\/quest-la-psychotherapie-islamiya-a-ses-racines\/#breadcrumb\"},\"inLanguage\":\"en-US\",\"potentialAction\":[{\"@type\":\"ReadAction\",\"target\":[\"https:\/\/sakina-therapie.pro\/index.php\/quest-la-psychotherapie-islamiya-a-ses-racines\/\"]}]},{\"@type\":\"ImageObject\",\"inLanguage\":\"en-US\",\"@id\":\"https:\/\/sakina-therapie.pro\/index.php\/quest-la-psychotherapie-islamiya-a-ses-racines\/#primaryimage\",\"url\":\"https:\/\/sakina-therapie.pro\/wp-content\/uploads\/2025\/10\/u9234415887_Photorealistic_stack_of_Islamic_books_on_a_wooden_7b10648f-f653-44c7-b273-989680012c94_3.png\",\"contentUrl\":\"https:\/\/sakina-therapie.pro\/wp-content\/uploads\/2025\/10\/u9234415887_Photorealistic_stack_of_Islamic_books_on_a_wooden_7b10648f-f653-44c7-b273-989680012c94_3.png\",\"width\":1024,\"height\":1024},{\"@type\":\"BreadcrumbList\",\"@id\":\"https:\/\/sakina-therapie.pro\/index.php\/quest-la-psychotherapie-islamiya-a-ses-racines\/#breadcrumb\",\"itemListElement\":[{\"@type\":\"ListItem\",\"position\":1,\"name\":\"Accueil\",\"item\":\"https:\/\/sakina-therapie.pro\/\"},{\"@type\":\"ListItem\",\"position\":2,\"name\":\"D\u00e9couvrir la psychoth\u00e9rapie islamiya\"}]},{\"@type\":\"WebSite\",\"@id\":\"https:\/\/sakina-therapie.pro\/#website\",\"url\":\"https:\/\/sakina-therapie.pro\/\",\"name\":\"Sakina th\u00e9rapie\",\"description\":\"Pas \u00e0 pas vers la sakina\",\"publisher\":{\"@id\":\"https:\/\/sakina-therapie.pro\/#organization\"},\"potentialAction\":[{\"@type\":\"SearchAction\",\"target\":{\"@type\":\"EntryPoint\",\"urlTemplate\":\"https:\/\/sakina-therapie.pro\/?s={search_term_string}\"},\"query-input\":{\"@type\":\"PropertyValueSpecification\",\"valueRequired\":true,\"valueName\":\"search_term_string\"}}],\"inLanguage\":\"en-US\"},{\"@type\":\"Organization\",\"@id\":\"https:\/\/sakina-therapie.pro\/#organization\",\"name\":\"Sakina th\u00e9rapie\",\"url\":\"https:\/\/sakina-therapie.pro\/\",\"logo\":{\"@type\":\"ImageObject\",\"inLanguage\":\"en-US\",\"@id\":\"https:\/\/sakina-therapie.pro\/#\/schema\/logo\/image\/\",\"url\":\"https:\/\/sakina-therapie.pro\/wp-content\/uploads\/2025\/08\/Logo-filigrane-pour-fond-clair.png\",\"contentUrl\":\"https:\/\/sakina-therapie.pro\/wp-content\/uploads\/2025\/08\/Logo-filigrane-pour-fond-clair.png\",\"width\":1209,\"height\":1640,\"caption\":\"Sakina th\u00e9rapie\"},\"image\":{\"@id\":\"https:\/\/sakina-therapie.pro\/#\/schema\/logo\/image\/\"}},{\"@type\":\"Person\",\"@id\":\"https:\/\/sakina-therapie.pro\/#\/schema\/person\/4891272fb94e4c09826c9c70cdcbc057\",\"name\":\"SakinaTh\u00e9rapie\",\"image\":{\"@type\":\"ImageObject\",\"inLanguage\":\"en-US\",\"@id\":\"https:\/\/sakina-therapie.pro\/#\/schema\/person\/image\/\",\"url\":\"https:\/\/secure.gravatar.com\/avatar\/74184e6c27815bd0aa916e09508ecc55d9b7d7e05c1a187e3f5e8d1b6fe27b3b?s=96&d=mm&r=g\",\"contentUrl\":\"https:\/\/secure.gravatar.com\/avatar\/74184e6c27815bd0aa916e09508ecc55d9b7d7e05c1a187e3f5e8d1b6fe27b3b?s=96&d=mm&r=g\",\"caption\":\"SakinaTh\u00e9rapie\"},\"sameAs\":[\"http:\/\/sakina-therapie.pro\"],\"url\":\"https:\/\/sakina-therapie.pro\/index.php\/author\/admin3865\/\"}]}<\/script>\n<!-- \/ Yoast SEO plugin. -->","yoast_head_json":{"title":"D\u00e9couvrir la psychoth\u00e9rapie islamiya - Sakina th\u00e9rapie","description":"Bienvenue \u00e0\u00a0vous\u00a0ch\u00e8re\u00a0soeur\u00a0dans\u00a0cette\u00a0rubrique\u00a0destin\u00e9e\u00a0\u00e0 la\u00a0connaissance\u00a0de la\u00a0psychoth\u00e9rapie\u00a0islamiya\u00a0et de\u00a0ce\u00a0qui y\u00a0tourne\u00a0autour.","robots":{"index":"index","follow":"follow","max-snippet":"max-snippet:-1","max-image-preview":"max-image-preview:large","max-video-preview":"max-video-preview:-1"},"canonical":"https:\/\/sakina-therapie.pro\/index.php\/quest-la-psychotherapie-islamiya-a-ses-racines\/","og_locale":"en_US","og_type":"article","og_title":"D\u00e9couvrir la psychoth\u00e9rapie islamiya - Sakina th\u00e9rapie","og_description":"Bienvenue \u00e0\u00a0vous\u00a0ch\u00e8re\u00a0soeur\u00a0dans\u00a0cette\u00a0rubrique\u00a0destin\u00e9e\u00a0\u00e0 la\u00a0connaissance\u00a0de la\u00a0psychoth\u00e9rapie\u00a0islamiya\u00a0et de\u00a0ce\u00a0qui y\u00a0tourne\u00a0autour.","og_url":"https:\/\/sakina-therapie.pro\/index.php\/quest-la-psychotherapie-islamiya-a-ses-racines\/","og_site_name":"Sakina th\u00e9rapie","article_published_time":"2025-10-30T15:42:24+00:00","article_modified_time":"2025-11-11T15:46:50+00:00","og_image":[{"width":1024,"height":1024,"url":"https:\/\/sakina-therapie.pro\/wp-content\/uploads\/2025\/10\/u9234415887_Photorealistic_stack_of_Islamic_books_on_a_wooden_7b10648f-f653-44c7-b273-989680012c94_3.png","type":"image\/png"}],"author":"SakinaTh\u00e9rapie","twitter_card":"summary_large_image","twitter_misc":{"Written by":"SakinaTh\u00e9rapie","Est. reading time":"8 minutes"},"schema":{"@context":"https:\/\/schema.org","@graph":[{"@type":"Article","@id":"https:\/\/sakina-therapie.pro\/index.php\/quest-la-psychotherapie-islamiya-a-ses-racines\/#article","isPartOf":{"@id":"https:\/\/sakina-therapie.pro\/index.php\/quest-la-psychotherapie-islamiya-a-ses-racines\/"},"author":{"name":"SakinaTh\u00e9rapie","@id":"https:\/\/sakina-therapie.pro\/#\/schema\/person\/4891272fb94e4c09826c9c70cdcbc057"},"headline":"D\u00e9couvrir la psychoth\u00e9rapie islamiya","datePublished":"2025-10-30T15:42:24+00:00","dateModified":"2025-11-11T15:46:50+00:00","mainEntityOfPage":{"@id":"https:\/\/sakina-therapie.pro\/index.php\/quest-la-psychotherapie-islamiya-a-ses-racines\/"},"wordCount":1893,"commentCount":0,"publisher":{"@id":"https:\/\/sakina-therapie.pro\/#organization"},"image":{"@id":"https:\/\/sakina-therapie.pro\/index.php\/quest-la-psychotherapie-islamiya-a-ses-racines\/#primaryimage"},"thumbnailUrl":"https:\/\/sakina-therapie.pro\/wp-content\/uploads\/2025\/10\/u9234415887_Photorealistic_stack_of_Islamic_books_on_a_wooden_7b10648f-f653-44c7-b273-989680012c94_3.png","articleSection":["Psychoth\u00e9rapie\u00a0islamiya"],"inLanguage":"en-US","potentialAction":[{"@type":"CommentAction","name":"Comment","target":["https:\/\/sakina-therapie.pro\/index.php\/quest-la-psychotherapie-islamiya-a-ses-racines\/#respond"]}]},{"@type":"WebPage","@id":"https:\/\/sakina-therapie.pro\/index.php\/quest-la-psychotherapie-islamiya-a-ses-racines\/","url":"https:\/\/sakina-therapie.pro\/index.php\/quest-la-psychotherapie-islamiya-a-ses-racines\/","name":"D\u00e9couvrir la psychoth\u00e9rapie islamiya - Sakina th\u00e9rapie","isPartOf":{"@id":"https:\/\/sakina-therapie.pro\/#website"},"primaryImageOfPage":{"@id":"https:\/\/sakina-therapie.pro\/index.php\/quest-la-psychotherapie-islamiya-a-ses-racines\/#primaryimage"},"image":{"@id":"https:\/\/sakina-therapie.pro\/index.php\/quest-la-psychotherapie-islamiya-a-ses-racines\/#primaryimage"},"thumbnailUrl":"https:\/\/sakina-therapie.pro\/wp-content\/uploads\/2025\/10\/u9234415887_Photorealistic_stack_of_Islamic_books_on_a_wooden_7b10648f-f653-44c7-b273-989680012c94_3.png","datePublished":"2025-10-30T15:42:24+00:00","dateModified":"2025-11-11T15:46:50+00:00","description":"Bienvenue \u00e0\u00a0vous\u00a0ch\u00e8re\u00a0soeur\u00a0dans\u00a0cette\u00a0rubrique\u00a0destin\u00e9e\u00a0\u00e0 la\u00a0connaissance\u00a0de la\u00a0psychoth\u00e9rapie\u00a0islamiya\u00a0et de\u00a0ce\u00a0qui y\u00a0tourne\u00a0autour.","breadcrumb":{"@id":"https:\/\/sakina-therapie.pro\/index.php\/quest-la-psychotherapie-islamiya-a-ses-racines\/#breadcrumb"},"inLanguage":"en-US","potentialAction":[{"@type":"ReadAction","target":["https:\/\/sakina-therapie.pro\/index.php\/quest-la-psychotherapie-islamiya-a-ses-racines\/"]}]},{"@type":"ImageObject","inLanguage":"en-US","@id":"https:\/\/sakina-therapie.pro\/index.php\/quest-la-psychotherapie-islamiya-a-ses-racines\/#primaryimage","url":"https:\/\/sakina-therapie.pro\/wp-content\/uploads\/2025\/10\/u9234415887_Photorealistic_stack_of_Islamic_books_on_a_wooden_7b10648f-f653-44c7-b273-989680012c94_3.png","contentUrl":"https:\/\/sakina-therapie.pro\/wp-content\/uploads\/2025\/10\/u9234415887_Photorealistic_stack_of_Islamic_books_on_a_wooden_7b10648f-f653-44c7-b273-989680012c94_3.png","width":1024,"height":1024},{"@type":"BreadcrumbList","@id":"https:\/\/sakina-therapie.pro\/index.php\/quest-la-psychotherapie-islamiya-a-ses-racines\/#breadcrumb","itemListElement":[{"@type":"ListItem","position":1,"name":"Accueil","item":"https:\/\/sakina-therapie.pro\/"},{"@type":"ListItem","position":2,"name":"D\u00e9couvrir la psychoth\u00e9rapie islamiya"}]},{"@type":"WebSite","@id":"https:\/\/sakina-therapie.pro\/#website","url":"https:\/\/sakina-therapie.pro\/","name":"Sakina th\u00e9rapie","description":"Pas \u00e0 pas vers la sakina","publisher":{"@id":"https:\/\/sakina-therapie.pro\/#organization"},"potentialAction":[{"@type":"SearchAction","target":{"@type":"EntryPoint","urlTemplate":"https:\/\/sakina-therapie.pro\/?s={search_term_string}"},"query-input":{"@type":"PropertyValueSpecification","valueRequired":true,"valueName":"search_term_string"}}],"inLanguage":"en-US"},{"@type":"Organization","@id":"https:\/\/sakina-therapie.pro\/#organization","name":"Sakina th\u00e9rapie","url":"https:\/\/sakina-therapie.pro\/","logo":{"@type":"ImageObject","inLanguage":"en-US","@id":"https:\/\/sakina-therapie.pro\/#\/schema\/logo\/image\/","url":"https:\/\/sakina-therapie.pro\/wp-content\/uploads\/2025\/08\/Logo-filigrane-pour-fond-clair.png","contentUrl":"https:\/\/sakina-therapie.pro\/wp-content\/uploads\/2025\/08\/Logo-filigrane-pour-fond-clair.png","width":1209,"height":1640,"caption":"Sakina th\u00e9rapie"},"image":{"@id":"https:\/\/sakina-therapie.pro\/#\/schema\/logo\/image\/"}},{"@type":"Person","@id":"https:\/\/sakina-therapie.pro\/#\/schema\/person\/4891272fb94e4c09826c9c70cdcbc057","name":"SakinaTh\u00e9rapie","image":{"@type":"ImageObject","inLanguage":"en-US","@id":"https:\/\/sakina-therapie.pro\/#\/schema\/person\/image\/","url":"https:\/\/secure.gravatar.com\/avatar\/74184e6c27815bd0aa916e09508ecc55d9b7d7e05c1a187e3f5e8d1b6fe27b3b?s=96&d=mm&r=g","contentUrl":"https:\/\/secure.gravatar.com\/avatar\/74184e6c27815bd0aa916e09508ecc55d9b7d7e05c1a187e3f5e8d1b6fe27b3b?s=96&d=mm&r=g","caption":"SakinaTh\u00e9rapie"},"sameAs":["http:\/\/sakina-therapie.pro"],"url":"https:\/\/sakina-therapie.pro\/index.php\/author\/admin3865\/"}]}},"_links":{"self":[{"href":"https:\/\/sakina-therapie.pro\/index.php\/wp-json\/wp\/v2\/posts\/2574","targetHints":{"allow":["GET"]}}],"collection":[{"href":"https:\/\/sakina-therapie.pro\/index.php\/wp-json\/wp\/v2\/posts"}],"about":[{"href":"https:\/\/sakina-therapie.pro\/index.php\/wp-json\/wp\/v2\/types\/post"}],"author":[{"embeddable":true,"href":"https:\/\/sakina-therapie.pro\/index.php\/wp-json\/wp\/v2\/users\/1"}],"replies":[{"embeddable":true,"href":"https:\/\/sakina-therapie.pro\/index.php\/wp-json\/wp\/v2\/comments?post=2574"}],"version-history":[{"count":9,"href":"https:\/\/sakina-therapie.pro\/index.php\/wp-json\/wp\/v2\/posts\/2574\/revisions"}],"predecessor-version":[{"id":2745,"href":"https:\/\/sakina-therapie.pro\/index.php\/wp-json\/wp\/v2\/posts\/2574\/revisions\/2745"}],"wp:featuredmedia":[{"embeddable":true,"href":"https:\/\/sakina-therapie.pro\/index.php\/wp-json\/wp\/v2\/media\/2741"}],"wp:attachment":[{"href":"https:\/\/sakina-therapie.pro\/index.php\/wp-json\/wp\/v2\/media?parent=2574"}],"wp:term":[{"taxonomy":"category","embeddable":true,"href":"https:\/\/sakina-therapie.pro\/index.php\/wp-json\/wp\/v2\/categories?post=2574"},{"taxonomy":"post_tag","embeddable":true,"href":"https:\/\/sakina-therapie.pro\/index.php\/wp-json\/wp\/v2\/tags?post=2574"}],"curies":[{"name":"wp","href":"https:\/\/api.w.org\/{rel}","templated":true}]}}